{"id":222933,"date":"2020-08-17T19:52:29","date_gmt":"2020-08-17T17:52:29","guid":{"rendered":"http:\/\/schach-aschaffenburg.de\/wp\/?p=222933"},"modified":"2020-08-18T01:24:24","modified_gmt":"2020-08-17T23:24:24","slug":"wiederaufnahme-des-trainingsbetriebs-im-jugendbereich","status":"publish","type":"post","link":"https:\/\/schach-aschaffenburg.de\/wp\/wiederaufnahme-des-trainingsbetriebs-im-jugendbereich\/","title":{"rendered":"Wiederaufnahme des Trainingsbetriebs im Jugendbereich"},"content":{"rendered":"<p>Wir freuen uns, mitteilen zu k\u00f6nnen, dass, unter Ber\u00fccksichtigung der beh\u00f6rdlichen Vorgaben, unser Trainingsbetrieb im Jugendbereich nach den Sommerferien wieder starten kann.<\/p>\n<p>Unter Beachtung des aktuell g\u00fcltigen Hygienekonzepts:<\/p>\n<p><a href=\"http:\/\/schach-aschaffenburg.de\/Tabs\/contact_form\/Hygieneschutzkonzept_SCAB_22_07_2020.pdf\">http:\/\/schach-aschaffenburg.de\/Tabs\/contact_form\/Hygieneschutzkonzept_SCAB_22_07_2020.pdf<\/a><\/p>\n<p>findet das Training wie folgt statt:<\/p>\n<p>Montags &nbsp;&nbsp;&nbsp;&nbsp;&nbsp;&nbsp;&nbsp;&nbsp;&nbsp;&nbsp;&nbsp; 17:00 \u2013 18:30 Sch\u00fctzenhaus Leider, empfohlen f\u00fcr Sch\u00fcler &gt; 1.000 DWZ<\/p>\n<p>Dienstags &nbsp;&nbsp;&nbsp;&nbsp;&nbsp;&nbsp;&nbsp;&nbsp;&nbsp;&nbsp; 16:00 \u2013 18:00 Pfarrsaal St. Gertrud, empfohlen f\u00fcr Sch\u00fcler &gt; 1.000 DWZ<\/p>\n<p>Dienstags&nbsp;&nbsp;&nbsp;&nbsp;&nbsp;&nbsp;&nbsp;&nbsp;&nbsp;&nbsp;&nbsp; 17:00 \u2013 18:00 Pfarrsaal St. Gertrud, empfohlen f\u00fcr Sch\u00fcler &lt; 1.000 DWZ und Anf\u00e4nger\/Schnuppernde<\/p>\n<p>Freitags &nbsp;&nbsp;&nbsp;&nbsp;&nbsp;&nbsp;&nbsp;&nbsp;&nbsp;&nbsp;&nbsp;&nbsp;&nbsp; 18:00 \u2013 Ende&nbsp; SC Obernau, empfohlen f\u00fcr Sch\u00fcler &gt; 1.000 DWZ<\/p>\n<p>&nbsp;<\/p>\n<p><em>Chessy ist das Maskottchen der Deutschen Schachjugend<\/em><\/p>\n","protected":false},"excerpt":{"rendered":"<p>Wir freuen uns, mitteilen zu k\u00f6nnen, dass, unter Ber\u00fccksichtigung der beh\u00f6rdlichen Vorgaben, unser Trainingsbetrieb im Jugendbereich nach den Sommerferien wieder<\/p>\n","protected":false},"author":7,"featured_media":222936,"comment_status":"closed","ping_status":"closed","sticky":false,"template":"","format":"standard","meta":{"inline_featured_image":false,"_uag_custom_page_level_css":"","footnotes":""},"categories":[62],"tags":[],"class_list":["post-222933","post","type-post","status-publish","format-standard","has-post-thumbnail","hentry","category-jugend"],"uagb_featured_image_src":{"full":["https:\/\/schach-aschaffenburg.de\/wp\/wp-content\/uploads\/2020\/08\/Chessy.png",249,202,false],"thumbnail":["https:\/\/schach-aschaffenburg.de\/wp\/wp-content\/uploads\/2020\/08\/Chessy.png",118,96,false],"medium":["https:\/\/schach-aschaffenburg.de\/wp\/wp-content\/uploads\/2020\/08\/Chessy.png",249,202,false],"medium_large":["https:\/\/schach-aschaffenburg.de\/wp\/wp-content\/uploads\/2020\/08\/Chessy.png",249,202,false],"large":["https:\/\/schach-aschaffenburg.de\/wp\/wp-content\/uploads\/2020\/08\/Chessy.png",249,202,false],"1536x1536":["https:\/\/schach-aschaffenburg.de\/wp\/wp-content\/uploads\/2020\/08\/Chessy.png",249,202,false],"2048x2048":["https:\/\/schach-aschaffenburg.de\/wp\/wp-content\/uploads\/2020\/08\/Chessy.png",249,202,false],"colormag-highlighted-post":["https:\/\/schach-aschaffenburg.de\/wp\/wp-content\/uploads\/2020\/08\/Chessy.png",249,202,false],"colormag-featured-post-medium":["https:\/\/schach-aschaffenburg.de\/wp\/wp-content\/uploads\/2020\/08\/Chessy.png",249,202,false],"colormag-featured-post-small":["https:\/\/schach-aschaffenburg.de\/wp\/wp-content\/uploads\/2020\/08\/Chessy-130x90.png",130,90,true],"colormag-featured-image":["https:\/\/schach-aschaffenburg.de\/wp\/wp-content\/uploads\/2020\/08\/Chessy.png",249,202,false],"colormag-default-news":["https:\/\/schach-aschaffenburg.de\/wp\/wp-content\/uploads\/2020\/08\/Chessy.png",150,122,false],"colormag-featured-image-large":["https:\/\/schach-aschaffenburg.de\/wp\/wp-content\/uploads\/2020\/08\/Chessy.png",249,202,false]},"uagb_author_info":{"display_name":"Markus Veldkamp","author_link":"https:\/\/schach-aschaffenburg.de\/wp\/author\/markus-veldkamp\/"},"uagb_comment_info":0,"uagb_excerpt":"Wir freuen uns, mitteilen zu k\u00f6nnen, dass, unter Ber\u00fccksichtigung der beh\u00f6rdlichen Vorgaben, unser Trainingsbetrieb im Jugendbereich nach den Sommerferien wieder","_links":{"self":[{"href":"https:\/\/schach-aschaffenburg.de\/wp\/wp-json\/wp\/v2\/posts\/222933","targetHints":{"allow":["GET"]}}],"collection":[{"href":"https:\/\/schach-aschaffenburg.de\/wp\/wp-json\/wp\/v2\/posts"}],"about":[{"href":"https:\/\/schach-aschaffenburg.de\/wp\/wp-json\/wp\/v2\/types\/post"}],"author":[{"embeddable":true,"href":"https:\/\/schach-aschaffenburg.de\/wp\/wp-json\/wp\/v2\/users\/7"}],"replies":[{"embeddable":true,"href":"https:\/\/schach-aschaffenburg.de\/wp\/wp-json\/wp\/v2\/comments?post=222933"}],"version-history":[{"count":0,"href":"https:\/\/schach-aschaffenburg.de\/wp\/wp-json\/wp\/v2\/posts\/222933\/revisions"}],"wp:featuredmedia":[{"embeddable":true,"href":"https:\/\/schach-aschaffenburg.de\/wp\/wp-json\/wp\/v2\/media\/222936"}],"wp:attachment":[{"href":"https:\/\/schach-aschaffenburg.de\/wp\/wp-json\/wp\/v2\/media?parent=222933"}],"wp:term":[{"taxonomy":"category","embeddable":true,"href":"https:\/\/schach-aschaffenburg.de\/wp\/wp-json\/wp\/v2\/categories?post=222933"},{"taxonomy":"post_tag","embeddable":true,"href":"https:\/\/schach-aschaffenburg.de\/wp\/wp-json\/wp\/v2\/tags?post=222933"}],"curies":[{"name":"wp","href":"https:\/\/api.w.org\/{rel}","templated":true}]}}